{"id":1577,"date":"2026-01-10T11:18:03","date_gmt":"2026-01-10T09:18:03","guid":{"rendered":"https:\/\/desegregare.ro\/?p=1577"},"modified":"2026-01-27T11:38:54","modified_gmt":"2026-01-27T09:38:54","slug":"activitatie-de-sustenabilitate-in-anul-2025","status":"publish","type":"post","link":"https:\/\/desegregare.ro\/en\/activitatie-de-sustenabilitate-in-anul-2025\/","title":{"rendered":"Activit\u0103\u021bile de sustenabilitate \u00een anul 2025"},"content":{"rendered":"<p>Pe parcursul anului 2025, sustenabilitatea proiectului Pata 2.0 a fost sus\u021binut\u0103 financiar de la bugetul local, prin proiectul PAS SUS (Pachet de m\u0103suri de asisten\u021b\u0103 social\u0103 pentru SUStenabilitatea proiectelor de desegregare din Pata R\u00e2t<\/p>\n<p>Interven\u021bia s-a axat pe patru componente majore: locuire, educa\u021bie, violen\u021b\u0103 de gen \u0219i capacitate institu\u021bional\u0103.<\/p>\n<h3 style=\"text-align: center;\">Locuire \u0219i stabilitate social\u0103<\/h3>\n<p>Aceasta a fost nucleul opera\u021bional al proiectului, viz\u00e2nd men\u021binerea locuirii desegregate \u0219i prevenirea re-excluziunii pentru 113 familii (peste 500 de persoane).<br \/>\n<strong>Management de caz diferen\u021biat.<\/strong> Interven\u021bia s-a bazat pe o abordare informat\u0103 de traum\u0103 \u0219i a fost adaptat\u0103 nevoilor specifice prin trei regimuri de suport:<\/p>\n<ul>\n<li style=\"list-style-type: none;\">\n<ul>\n<li>Management de caz intensiv. Pentru situa\u021bii cu vulnerabilit\u0103\u021bi multiple (instabilitate economic\u0103 sever\u0103, probleme de s\u0103n\u0103tate, crize familiale), necesit\u00e2nd contacte frecvente \u0219i vizite la domiciliu.<\/li>\n<li>Management de caz standard. Pentru familiile unde stabilitatea locativ\u0103 era men\u021binut\u0103, dar persistau factori de risc laten\u021bi, interven\u021bia ax\u00e2ndu-se pe preven\u021bie \u0219i consiliere administrativ\u0103.<\/li>\n<li>Monitorizare. Pentru situa\u021bii stabile, av\u00e2nd un rol preventiv pentru detectarea timpurie a riscurilor<\/li>\n<\/ul>\n<\/li>\n<\/ul>\n<p><strong>Sprijin tehnic \u0219i financiar.<\/strong> S-au realizat 287 de interven\u021bii tehnice (repara\u021bii instala\u021bii sanitare, termice, gaz) esen\u021biale pentru condi\u021bii sigure de trai. De asemenea, familiile au primit consiliere bugetar\u0103 pentru gestionarea costurilor sezoniere, iar \u00een cazurile de vulnerabilitate extrem\u0103 (comunitatea Rampa), s-a oferit sprijin financiar direct pentru plata utilit\u0103\u021bilor.<br \/>\n<strong>Grupuri de suport.<\/strong> Au fost organizate 11 \u00eent\u00e2lniri cu tema locuirii, abord\u00e2nd subiecte precum gestionarea bugetului, siguran\u021ba \u00een locuin\u021b\u0103 \u0219i rela\u021biile de vecin\u0103tate.<br \/>\n<strong>Metodologie.<\/strong>\u00a0A fost actualizat\u0103 metodologia de relocare \u0219i incluziune, integr\u00e2nd lec\u021biile \u00eenv\u0103\u021bate pentru a anticipa riscurile post-mutare.<\/p>\n<h3 style=\"text-align: center;\">Educa\u021bie<\/h3>\n<p>Proiectul a pus un accent major pe prevenirea abandonului \u0219colar, \u00een special pentru copiii din comunitatea Ramp\u0103.<br \/>\n<strong>Servicii Before\/After School.<\/strong> 49 de copii au beneficiat de sprijin zilnic, incluz\u00e2nd igiena personal\u0103, micul dejun \u0219i \u00eenso\u021birea c\u0103tre \u0219coal\u0103, pentru a stabiliza rutina zilnic\u0103 \u0219i a reduce absenteismul.<br \/>\n<strong>Management de caz educa\u021bional.<\/strong> A monitorizat parcursul \u0219colar a 49 de copii, facilit\u00e2nd \u00eenscrierile, ob\u021binerea documentelor \u0219i medierea rela\u021biei cu \u0219coala.<br \/>\n<strong>Educa\u021bie non-formal\u0103 \u0219i tabere.<\/strong> Au fost organizate 45 de \u00eent\u00e2lniri de educa\u021bie non-formal\u0103 \u0219i dou\u0103 tabere de var\u0103 (40 de copii participan\u021bi), oferind experien\u021be culturale \u0219i recreative \u00een afara comunit\u0103\u021bii (vizite la muzee, Gr\u0103dina Botanic\u0103).<br \/>\n<strong>\u0218coala P\u0103rin\u021bilor.<\/strong> S-au desf\u0103\u0219urat 11 sesiuni pentru a sprijini p\u0103rin\u021bii \u00een gestionarea rela\u021biei cu \u0219coala \u0219i dezvoltarea competen\u021belor parentale.<br \/>\n<strong>Sprijin pentru adolescen\u021bi<\/strong>. Au fost organizate grupuri de suport pentru adolescen\u021bi (minimul 15 participan\u021bi), axate pe dezvoltarea competen\u021belor socio-emo\u021bionale \u0219i a abilit\u0103\u021bilor de via\u021b\u0103 independent\u0103.<\/p>\n<h3 style=\"text-align: center;\">Violen\u021ba de Gen<\/h3>\n<p>Interven\u021biile au vizat siguran\u021ba femeilor \u0219i fetelor, abord\u00e2nd violen\u021ba domestic\u0103 ca un fenomen structural.<br \/>\n<strong>Servicii specializate.<\/strong> 15 victime au beneficiat de consiliere psihologic\u0103 \u0219i juridic\u0103, inclusiv reprezentare \u00een instan\u021b\u0103 pentru ordine de protec\u021bie sau divor\u021b \u0219i planuri de siguran\u021b\u0103.<br \/>\n<strong>Prevenire \u0219i con\u0219tientizare.<\/strong> 50 de fete \u0219i femei au fost informate despre tipurile de violen\u021b\u0103 (inclusiv cea digital\u0103) \u00een cadrul campaniei \u201e16 Zile de Activism\u201d.<br \/>\n<strong>Cafeneaua Femeilor.<\/strong> S-au organizat \u0219ase \u00eent\u00e2lniri de tip grup de suport, cre\u00e2nd un spa\u021biu sigur pentru discu\u021bii despre rela\u021bii s\u0103n\u0103toase, autonomie \u0219i solidaritate feminin\u0103.<\/p>\n<h2 style=\"text-align: center;\">Capacitate Institu\u021bional\u0103<\/h2>\n<p>Pentru a asigura calitatea interven\u021biilor, speciali\u0219tii proiectului au participat la 24 de sesiuni de supervizare \u0219i intervizare, esen\u021biale pentru prevenirea epuiz\u0103rii profesionale \u0219i gestionarea cazurilor complexe. De asemenea, \u0219apte studen\u021bi practican\u021bi au fost forma\u021bi \u0219i implica\u021bi \u00een activit\u0103\u021bile proiectului.<\/p>\n<p>Mai jos, g\u0103si\u021bi \u00eentregul raport de activitate al acestui proiect.<\/p>\n<a href=\"https:\/\/desegregare.ro\/wp-content\/uploads\/2026\/01\/Raport-final-PASSUS-2025_long.pdf\" class=\"pdfemb-viewer\" style=\"\" data-width=\"max\" data-height=\"max\" data-toolbar=\"bottom\" data-toolbar-fixed=\"off\">Raport-final-PASSUS-2025_long<\/a>\n<p>&nbsp;<\/p>","protected":false},"excerpt":{"rendered":"<p>Pe parcursul anului 2025, sustenabilitatea proiectului Pata 2.0 a fost sus\u021binut\u0103 financiar de la bugetul local, prin proiectul PAS SUS <a class=\"more-link\" href=\"https:\/\/desegregare.ro\/en\/activitatie-de-sustenabilitate-in-anul-2025\/\">(&#8230;)<\/a><\/p>","protected":false},"author":2,"featured_media":0,"comment_status":"closed","ping_status":"open","sticky":false,"template":"","format":"standard","meta":{"footnotes":""},"categories":[9],"tags":[],"class_list":["post-1577","post","type-post","status-publish","format-standard","hentry","category-noutati"],"yoast_head":"<!-- This site is optimized with the Yoast SEO plugin v24.0 - https:\/\/yoast.com\/wordpress\/plugins\/seo\/ -->\n<title>Activit\u0103\u021bile de sustenabilitate \u00een anul 2025 - Proiect Pata 2.0<\/title>\n<meta name=\"robots\" content=\"index, follow, max-snippet:-1, max-image-preview:large, max-video-preview:-1\" \/>\n<link rel=\"canonical\" href=\"https:\/\/desegregare.ro\/en\/activitatie-de-sustenabilitate-in-anul-2025\/\" \/>\n<meta property=\"og:locale\" content=\"en_GB\" \/>\n<meta property=\"og:type\" content=\"article\" \/>\n<meta property=\"og:title\" content=\"Activit\u0103\u021bile de sustenabilitate \u00een anul 2025 - Proiect Pata 2.0\" \/>\n<meta property=\"og:description\" content=\"Pe parcursul anului 2025, sustenabilitatea proiectului Pata 2.0 a fost sus\u021binut\u0103 financiar de la bugetul local, prin proiectul PAS SUS (...)\" \/>\n<meta property=\"og:url\" content=\"https:\/\/desegregare.ro\/en\/activitatie-de-sustenabilitate-in-anul-2025\/\" \/>\n<meta property=\"og:site_name\" content=\"Proiect Pata 2.0\" \/>\n<meta property=\"article:publisher\" content=\"https:\/\/www.facebook.com\/ClujMetro\/\" \/>\n<meta property=\"article:published_time\" content=\"2026-01-10T09:18:03+00:00\" \/>\n<meta property=\"article:modified_time\" content=\"2026-01-27T09:38:54+00:00\" \/>\n<meta name=\"author\" content=\"Zona Metropolitana Cluj\" \/>\n<meta name=\"twitter:card\" content=\"summary_large_image\" \/>\n<meta name=\"twitter:creator\" content=\"@clujmetro\" \/>\n<meta name=\"twitter:site\" content=\"@clujmetro\" \/>\n<meta name=\"twitter:label1\" content=\"Written by\" \/>\n\t<meta name=\"twitter:data1\" content=\"Zona Metropolitana Cluj\" \/>\n\t<meta name=\"twitter:label2\" content=\"Estimated reading time\" \/>\n\t<meta name=\"twitter:data2\" content=\"3 minutes\" \/>\n<script type=\"application\/ld+json\" class=\"yoast-schema-graph\">{\"@context\":\"https:\/\/schema.org\",\"@graph\":[{\"@type\":\"Article\",\"@id\":\"https:\/\/desegregare.ro\/activitatie-de-sustenabilitate-in-anul-2025\/#article\",\"isPartOf\":{\"@id\":\"https:\/\/desegregare.ro\/activitatie-de-sustenabilitate-in-anul-2025\/\"},\"author\":{\"name\":\"Zona Metropolitana Cluj\",\"@id\":\"https:\/\/desegregare.ro\/#\/schema\/person\/4bf34794d87c612398c04468acfe341e\"},\"headline\":\"Activit\u0103\u021bile de sustenabilitate \u00een anul 2025\",\"datePublished\":\"2026-01-10T09:18:03+00:00\",\"dateModified\":\"2026-01-27T09:38:54+00:00\",\"mainEntityOfPage\":{\"@id\":\"https:\/\/desegregare.ro\/activitatie-de-sustenabilitate-in-anul-2025\/\"},\"wordCount\":629,\"publisher\":{\"@id\":\"https:\/\/desegregare.ro\/#organization\"},\"articleSection\":[\"Nout\u0103\u021bi\"],\"inLanguage\":\"en-GB\"},{\"@type\":\"WebPage\",\"@id\":\"https:\/\/desegregare.ro\/activitatie-de-sustenabilitate-in-anul-2025\/\",\"url\":\"https:\/\/desegregare.ro\/activitatie-de-sustenabilitate-in-anul-2025\/\",\"name\":\"Activit\u0103\u021bile de sustenabilitate \u00een anul 2025 - Proiect Pata 2.0\",\"isPartOf\":{\"@id\":\"https:\/\/desegregare.ro\/#website\"},\"datePublished\":\"2026-01-10T09:18:03+00:00\",\"dateModified\":\"2026-01-27T09:38:54+00:00\",\"breadcrumb\":{\"@id\":\"https:\/\/desegregare.ro\/activitatie-de-sustenabilitate-in-anul-2025\/#breadcrumb\"},\"inLanguage\":\"en-GB\",\"potentialAction\":[{\"@type\":\"ReadAction\",\"target\":[\"https:\/\/desegregare.ro\/activitatie-de-sustenabilitate-in-anul-2025\/\"]}]},{\"@type\":\"BreadcrumbList\",\"@id\":\"https:\/\/desegregare.ro\/activitatie-de-sustenabilitate-in-anul-2025\/#breadcrumb\",\"itemListElement\":[{\"@type\":\"ListItem\",\"position\":1,\"name\":\"Home\",\"item\":\"https:\/\/desegregare.ro\/\"},{\"@type\":\"ListItem\",\"position\":2,\"name\":\"Activit\u0103\u021bile de sustenabilitate \u00een anul 2025\"}]},{\"@type\":\"WebSite\",\"@id\":\"https:\/\/desegregare.ro\/#website\",\"url\":\"https:\/\/desegregare.ro\/\",\"name\":\"ZMC | Proiect Pata 2.0\",\"description\":\"Asocia\u0163ia de Dezvoltare Intercomunitar\u0103 Zona Metropolitan\u0103 Cluj\",\"publisher\":{\"@id\":\"https:\/\/desegregare.ro\/#organization\"},\"potentialAction\":[{\"@type\":\"SearchAction\",\"target\":{\"@type\":\"EntryPoint\",\"urlTemplate\":\"https:\/\/desegregare.ro\/?s={search_term_string}\"},\"query-input\":{\"@type\":\"PropertyValueSpecification\",\"valueRequired\":true,\"valueName\":\"search_term_string\"}}],\"inLanguage\":\"en-GB\"},{\"@type\":\"Organization\",\"@id\":\"https:\/\/desegregare.ro\/#organization\",\"name\":\"Zona Metropolitan\u0103 Cluj\",\"url\":\"https:\/\/desegregare.ro\/\",\"logo\":{\"@type\":\"ImageObject\",\"inLanguage\":\"en-GB\",\"@id\":\"https:\/\/desegregare.ro\/#\/schema\/logo\/image\/\",\"url\":\"https:\/\/desegregare.ro\/wp-content\/uploads\/2020\/06\/header_antent.png\",\"contentUrl\":\"https:\/\/desegregare.ro\/wp-content\/uploads\/2020\/06\/header_antent.png\",\"width\":318,\"height\":125,\"caption\":\"Zona Metropolitan\u0103 Cluj\"},\"image\":{\"@id\":\"https:\/\/desegregare.ro\/#\/schema\/logo\/image\/\"},\"sameAs\":[\"https:\/\/www.facebook.com\/ClujMetro\/\",\"https:\/\/x.com\/clujmetro\"]},{\"@type\":\"Person\",\"@id\":\"https:\/\/desegregare.ro\/#\/schema\/person\/4bf34794d87c612398c04468acfe341e\",\"name\":\"Zona Metropolitana Cluj\",\"image\":{\"@type\":\"ImageObject\",\"inLanguage\":\"en-GB\",\"@id\":\"https:\/\/desegregare.ro\/#\/schema\/person\/image\/\",\"url\":\"https:\/\/secure.gravatar.com\/avatar\/206e15603d9abfbd3ec58d432740b9ca?s=96&d=mm&r=g\",\"contentUrl\":\"https:\/\/secure.gravatar.com\/avatar\/206e15603d9abfbd3ec58d432740b9ca?s=96&d=mm&r=g\",\"caption\":\"Zona Metropolitana Cluj\"},\"url\":\"https:\/\/desegregare.ro\/en\/author\/zona-metropolitana-cluj\/\"}]}<\/script>\n<!-- \/ Yoast SEO plugin. -->","yoast_head_json":{"title":"Activit\u0103\u021bile de sustenabilitate \u00een anul 2025 - Proiect Pata 2.0","robots":{"index":"index","follow":"follow","max-snippet":"max-snippet:-1","max-image-preview":"max-image-preview:large","max-video-preview":"max-video-preview:-1"},"canonical":"https:\/\/desegregare.ro\/en\/activitatie-de-sustenabilitate-in-anul-2025\/","og_locale":"en_GB","og_type":"article","og_title":"Activit\u0103\u021bile de sustenabilitate \u00een anul 2025 - Proiect Pata 2.0","og_description":"Pe parcursul anului 2025, sustenabilitatea proiectului Pata 2.0 a fost sus\u021binut\u0103 financiar de la bugetul local, prin proiectul PAS SUS (...)","og_url":"https:\/\/desegregare.ro\/en\/activitatie-de-sustenabilitate-in-anul-2025\/","og_site_name":"Proiect Pata 2.0","article_publisher":"https:\/\/www.facebook.com\/ClujMetro\/","article_published_time":"2026-01-10T09:18:03+00:00","article_modified_time":"2026-01-27T09:38:54+00:00","author":"Zona Metropolitana Cluj","twitter_card":"summary_large_image","twitter_creator":"@clujmetro","twitter_site":"@clujmetro","twitter_misc":{"Written by":"Zona Metropolitana Cluj","Estimated reading time":"3 minutes"},"schema":{"@context":"https:\/\/schema.org","@graph":[{"@type":"Article","@id":"https:\/\/desegregare.ro\/activitatie-de-sustenabilitate-in-anul-2025\/#article","isPartOf":{"@id":"https:\/\/desegregare.ro\/activitatie-de-sustenabilitate-in-anul-2025\/"},"author":{"name":"Zona Metropolitana Cluj","@id":"https:\/\/desegregare.ro\/#\/schema\/person\/4bf34794d87c612398c04468acfe341e"},"headline":"Activit\u0103\u021bile de sustenabilitate \u00een anul 2025","datePublished":"2026-01-10T09:18:03+00:00","dateModified":"2026-01-27T09:38:54+00:00","mainEntityOfPage":{"@id":"https:\/\/desegregare.ro\/activitatie-de-sustenabilitate-in-anul-2025\/"},"wordCount":629,"publisher":{"@id":"https:\/\/desegregare.ro\/#organization"},"articleSection":["Nout\u0103\u021bi"],"inLanguage":"en-GB"},{"@type":"WebPage","@id":"https:\/\/desegregare.ro\/activitatie-de-sustenabilitate-in-anul-2025\/","url":"https:\/\/desegregare.ro\/activitatie-de-sustenabilitate-in-anul-2025\/","name":"Activit\u0103\u021bile de sustenabilitate \u00een anul 2025 - Proiect Pata 2.0","isPartOf":{"@id":"https:\/\/desegregare.ro\/#website"},"datePublished":"2026-01-10T09:18:03+00:00","dateModified":"2026-01-27T09:38:54+00:00","breadcrumb":{"@id":"https:\/\/desegregare.ro\/activitatie-de-sustenabilitate-in-anul-2025\/#breadcrumb"},"inLanguage":"en-GB","potentialAction":[{"@type":"ReadAction","target":["https:\/\/desegregare.ro\/activitatie-de-sustenabilitate-in-anul-2025\/"]}]},{"@type":"BreadcrumbList","@id":"https:\/\/desegregare.ro\/activitatie-de-sustenabilitate-in-anul-2025\/#breadcrumb","itemListElement":[{"@type":"ListItem","position":1,"name":"Home","item":"https:\/\/desegregare.ro\/"},{"@type":"ListItem","position":2,"name":"Activit\u0103\u021bile de sustenabilitate \u00een anul 2025"}]},{"@type":"WebSite","@id":"https:\/\/desegregare.ro\/#website","url":"https:\/\/desegregare.ro\/","name":"ZMC | Proiect Pata 2.0","description":"Asocia\u0163ia de Dezvoltare Intercomunitar\u0103 Zona Metropolitan\u0103 Cluj","publisher":{"@id":"https:\/\/desegregare.ro\/#organization"},"potentialAction":[{"@type":"SearchAction","target":{"@type":"EntryPoint","urlTemplate":"https:\/\/desegregare.ro\/?s={search_term_string}"},"query-input":{"@type":"PropertyValueSpecification","valueRequired":true,"valueName":"search_term_string"}}],"inLanguage":"en-GB"},{"@type":"Organization","@id":"https:\/\/desegregare.ro\/#organization","name":"Zona Metropolitan\u0103 Cluj","url":"https:\/\/desegregare.ro\/","logo":{"@type":"ImageObject","inLanguage":"en-GB","@id":"https:\/\/desegregare.ro\/#\/schema\/logo\/image\/","url":"https:\/\/desegregare.ro\/wp-content\/uploads\/2020\/06\/header_antent.png","contentUrl":"https:\/\/desegregare.ro\/wp-content\/uploads\/2020\/06\/header_antent.png","width":318,"height":125,"caption":"Zona Metropolitan\u0103 Cluj"},"image":{"@id":"https:\/\/desegregare.ro\/#\/schema\/logo\/image\/"},"sameAs":["https:\/\/www.facebook.com\/ClujMetro\/","https:\/\/x.com\/clujmetro"]},{"@type":"Person","@id":"https:\/\/desegregare.ro\/#\/schema\/person\/4bf34794d87c612398c04468acfe341e","name":"Zona Metropolitana Cluj","image":{"@type":"ImageObject","inLanguage":"en-GB","@id":"https:\/\/desegregare.ro\/#\/schema\/person\/image\/","url":"https:\/\/secure.gravatar.com\/avatar\/206e15603d9abfbd3ec58d432740b9ca?s=96&d=mm&r=g","contentUrl":"https:\/\/secure.gravatar.com\/avatar\/206e15603d9abfbd3ec58d432740b9ca?s=96&d=mm&r=g","caption":"Zona Metropolitana Cluj"},"url":"https:\/\/desegregare.ro\/en\/author\/zona-metropolitana-cluj\/"}]}},"_links":{"self":[{"href":"https:\/\/desegregare.ro\/en\/wp-json\/wp\/v2\/posts\/1577"}],"collection":[{"href":"https:\/\/desegregare.ro\/en\/wp-json\/wp\/v2\/posts"}],"about":[{"href":"https:\/\/desegregare.ro\/en\/wp-json\/wp\/v2\/types\/post"}],"author":[{"embeddable":true,"href":"https:\/\/desegregare.ro\/en\/wp-json\/wp\/v2\/users\/2"}],"replies":[{"embeddable":true,"href":"https:\/\/desegregare.ro\/en\/wp-json\/wp\/v2\/comments?post=1577"}],"version-history":[{"count":4,"href":"https:\/\/desegregare.ro\/en\/wp-json\/wp\/v2\/posts\/1577\/revisions"}],"predecessor-version":[{"id":1582,"href":"https:\/\/desegregare.ro\/en\/wp-json\/wp\/v2\/posts\/1577\/revisions\/1582"}],"wp:attachment":[{"href":"https:\/\/desegregare.ro\/en\/wp-json\/wp\/v2\/media?parent=1577"}],"wp:term":[{"taxonomy":"category","embeddable":true,"href":"https:\/\/desegregare.ro\/en\/wp-json\/wp\/v2\/categories?post=1577"},{"taxonomy":"post_tag","embeddable":true,"href":"https:\/\/desegregare.ro\/en\/wp-json\/wp\/v2\/tags?post=1577"}],"curies":[{"name":"wp","href":"https:\/\/api.w.org\/{rel}","templated":true}]}}