{"id":1583,"date":"2025-01-10T12:40:36","date_gmt":"2025-01-10T10:40:36","guid":{"rendered":"https:\/\/desegregare.ro\/?p=1583"},"modified":"2026-01-27T12:47:13","modified_gmt":"2026-01-27T10:47:13","slug":"activitatile-de-sustenabilitate-in-anul-2024","status":"publish","type":"post","link":"https:\/\/desegregare.ro\/en\/activitatile-de-sustenabilitate-in-anul-2024\/","title":{"rendered":"Activit\u0103\u021bile de sustenabilitate \u00een anul 2024"},"content":{"rendered":"<p>Pe parcursul anului 2024, sustenabilitatea proiectului Pata 2.0 a fost sus\u021binut\u0103 financiar de la bugetul local, prin proiectul <strong>\u201ePachet de m\u0103suri de asisten\u021b\u0103 social\u0103 comunitar\u0103 pentru incluziunea social\u0103 a persoanelor vulnerabile din comunitatea Pata R\u00e2t \u0219i continuarea procesului de desegregare a zonei\u201d<\/strong>.<\/p>\n<p>Proiectul a func\u021bionat ca un mecanism integrat de sprijin, av\u00e2nd o abordare multidimensional\u0103 menit\u0103 s\u0103 combat\u0103 vulnerabilit\u0103\u021bile structurale \u0219i s\u0103 genereze schimb\u0103ri sustenabile at\u00e2t pentru comunit\u0103\u021bile din Pata R\u00e2t, c\u00e2t \u0219i pentru familiile deja relocate.<\/p>\n<h3 style=\"text-align: center;\">Obiective \u0219i Axe Opera\u021bionale<\/h3>\n<p>Interven\u021bia a fost structurat\u0103 pe trei axe majore interdependente:<\/p>\n<ol>\n<li><strong>Educa\u021bie \u0219i prevenirea abandonului \u0219colar:<\/strong> Servicii complementare (\u201ebridging services\u201d) \u0219i colaborare cu \u0219colile pentru a dep\u0103\u0219i barierele materiale \u0219i sociale.<\/li>\n<li><strong>Suport pentru locuirea desegregat\u0103:<\/strong> Sprijin psiho-social, juridic \u0219i administrativ pentru familiile relocate, viz\u00e2nd prevenirea re\u00eentoarcerii \u00een marginalizare.<\/li>\n<li><strong>Facilitare comunitar\u0103 \u0219i empowerment:<\/strong> \u00cent\u0103rirea re\u021belei locale, educa\u021bie parental\u0103 \u0219i grupuri de suport.<\/li>\n<\/ol>\n<h3 style=\"text-align: center;\">Activit\u0103\u021bi principale \u0219i rezultate<\/h3>\n<p>A. Servicii Educa\u021bionale Complementare (\u201eBridging Services\u201d)<\/p>\n<p>Aceasta a fost o condi\u021bie esen\u021bial\u0103 pentru participarea \u0219colar\u0103 a copiilor din Ramp\u0103, reduc\u00e2nd barierele materiale:<\/p>\n<ul>\n<li><strong>Rutina zilnic\u0103.<\/strong>\u00a0Copiii au fost prelua\u021bi zilnic la ora 06:30 de la \u201eHala\u201d din comunitate, transporta\u021bi la centrul de zi pentru igien\u0103 personal\u0103, sp\u0103larea hainelor \u0219i servirea mesei, fiind apoi \u00eenso\u021bi\u021bi la \u0219coal\u0103.<\/li>\n<li><strong>Impact.<\/strong>\u00a0Acest serviciu a redus absenteismul \u0219i \u00eent\u00e2rzierile, oferind copiilor predictibilitate \u0219i siguran\u021b\u0103.<\/li>\n<\/ul>\n<p>B. Management de Caz \u0219i Evaluare Psiho-social\u0103<\/p>\n<p>Evaluarea continu\u0103 a identificat riscuri specifice (probleme de s\u0103n\u0103tate, conflicte intracomunitare, lipsa spa\u021biului de studiu).<\/p>\n<ul>\n<li><strong>Interven\u021bii diferen\u021biate. <\/strong>S-a pus accent pe momentele de tranzi\u021bie critic\u0103 (intrarea \u00een clasa preg\u0103titoare, clasa a V-a, a VIII-a \u0219i trecerea la liceu).<\/li>\n<li><strong>Riscuri specifice de gen. <\/strong>Evalu\u0103rile au scos \u00een eviden\u021b\u0103 riscurile la care sunt expuse fetele adolescente (agresiuni sexuale, lipsa educa\u021biei pentru siguran\u021b\u0103), necesit\u00e2nd interven\u021bii specifice.<\/li>\n<li><strong>Mediere \u0219colar\u0103.<\/strong>\u00a0Au avut loc \u00eent\u00e2lniri recurente cu cadrele didactice pentru adaptarea strategiilor educa\u021bionale \u0219i monitorizarea elevilor, inclusiv a celor de liceu.<\/li>\n<\/ul>\n<p>C. Locuire<\/p>\n<p>Pentru familiile relocate, sprijinul a vizat autonomia \u0219i prevenirea acumul\u0103rii de datorii:<\/p>\n<ul>\n<li><strong>Suport administrativ \u0219i financiar.<\/strong>\u00a0Consiliere pentru gestionarea bugetului (mai ales iarna), e\u0219alonarea pl\u0103\u021bilor \u0219i medierea rela\u021biei cu furnizorii de utilit\u0103\u021bi pentru a evita deconect\u0103rile.<\/li>\n<li><strong>Mentenan\u021b\u0103 tehnic\u0103.<\/strong> Interven\u021bii punctuale pentru repara\u021bii (instala\u021bii de \u00eenc\u0103lzire etc.) pentru a asigura condi\u021bii decente de trai.<\/li>\n<li><strong>Rela\u021bii de vecin\u0103tate. <\/strong>Facilitarea dialogului cu asocia\u021biile de proprietari pentru o bun\u0103 convie\u021buire.<\/li>\n<\/ul>\n<p>D. Consiliere parental\u0103<\/p>\n<ul>\n<li><strong>Sesiuni tematice:<\/strong> Au fost organizate \u00eent\u00e2lniri interactive cu p\u0103rin\u021bii pe teme precum rutina zilnic\u0103, rela\u021bia cu \u0219coala, impactul tehnologiei \u0219i s\u0103n\u0103tatea reproductiv\u0103.<\/li>\n<li><strong>Adaptare la nevoi:<\/strong> \u00cen sezonul rece, discu\u021biile s-au axat pe prevenirea \u00eemboln\u0103virilor, p\u0103rin\u021bii solicit\u00e2nd activ \u00eent\u00e2lniri cu speciali\u0219ti medicali.<\/li>\n<\/ul>\n<p>E. Grupuri de suport \u0219i educa\u021bie non-formal\u0103<\/p>\n<ul>\n<li><strong>Grupuri pentru femei:<\/strong> Rezidentele Pata 1.0 au participat la \u00eent\u00e2lniri pentru combaterea izol\u0103rii, discut\u00e2nd despre rolurile de gen, drepturile femeilor \u0219i dinamica familial\u0103.<\/li>\n<li><strong>Activit\u0103\u021bi de var\u0103:<\/strong> C\u00e2nd \u0219coala nu a fost activ\u0103, s-au organizat activit\u0103\u021bi sportive \u0219i recreative (ex. la Baza Sportiv\u0103 Gheorgheni) pentru dezvoltarea socio-emo\u021bional\u0103 a copiilor.<\/li>\n<\/ul>\n<h3>Capacitate Institu\u021bional\u0103<\/h3>\n<ul>\n<li><strong>Supervizare.<\/strong>\u00a0Echipa a beneficiat constant de sesiuni de supervizare \u0219i intervizare pentru a gestiona cazurile complexe \u0219i a preveni epuizarea profesional\u0103 (burnout).<\/li>\n<li><strong>Voluntariat. <\/strong>Studen\u021bi de la UBB (Sociologie \u0219i Asisten\u021b\u0103 Social\u0103) au fost integra\u021bi \u0219i forma\u021bi \u00een cadrul activit\u0103\u021bilor proiectului.<\/li>\n<\/ul>\n<p>&nbsp;<\/p>","protected":false},"excerpt":{"rendered":"<p>Pe parcursul anului 2024, sustenabilitatea proiectului Pata 2.0 a fost sus\u021binut\u0103 financiar de la bugetul local, prin proiectul \u201ePachet de <a class=\"more-link\" href=\"https:\/\/desegregare.ro\/en\/activitatile-de-sustenabilitate-in-anul-2024\/\">(&#8230;)<\/a><\/p>","protected":false},"author":2,"featured_media":0,"comment_status":"closed","ping_status":"open","sticky":false,"template":"","format":"standard","meta":{"footnotes":""},"categories":[9],"tags":[],"class_list":["post-1583","post","type-post","status-publish","format-standard","hentry","category-noutati"],"yoast_head":"<!-- This site is optimized with the Yoast SEO plugin v24.0 - https:\/\/yoast.com\/wordpress\/plugins\/seo\/ -->\n<title>Activit\u0103\u021bile de sustenabilitate \u00een anul 2024 - Proiect Pata 2.0<\/title>\n<meta name=\"robots\" content=\"index, follow, max-snippet:-1, max-image-preview:large, max-video-preview:-1\" \/>\n<link rel=\"canonical\" href=\"https:\/\/desegregare.ro\/en\/activitatile-de-sustenabilitate-in-anul-2024\/\" \/>\n<meta property=\"og:locale\" content=\"en_GB\" \/>\n<meta property=\"og:type\" content=\"article\" \/>\n<meta property=\"og:title\" content=\"Activit\u0103\u021bile de sustenabilitate \u00een anul 2024 - Proiect Pata 2.0\" \/>\n<meta property=\"og:description\" content=\"Pe parcursul anului 2024, sustenabilitatea proiectului Pata 2.0 a fost sus\u021binut\u0103 financiar de la bugetul local, prin proiectul \u201ePachet de (...)\" \/>\n<meta property=\"og:url\" content=\"https:\/\/desegregare.ro\/en\/activitatile-de-sustenabilitate-in-anul-2024\/\" \/>\n<meta property=\"og:site_name\" content=\"Proiect Pata 2.0\" \/>\n<meta property=\"article:publisher\" content=\"https:\/\/www.facebook.com\/ClujMetro\/\" \/>\n<meta property=\"article:published_time\" content=\"2025-01-10T10:40:36+00:00\" \/>\n<meta property=\"article:modified_time\" content=\"2026-01-27T10:47:13+00:00\" \/>\n<meta name=\"author\" content=\"Zona Metropolitana Cluj\" \/>\n<meta name=\"twitter:card\" content=\"summary_large_image\" \/>\n<meta name=\"twitter:creator\" content=\"@clujmetro\" \/>\n<meta name=\"twitter:site\" content=\"@clujmetro\" \/>\n<meta name=\"twitter:label1\" content=\"Written by\" \/>\n\t<meta name=\"twitter:data1\" content=\"Zona Metropolitana Cluj\" \/>\n\t<meta name=\"twitter:label2\" content=\"Estimated reading time\" \/>\n\t<meta name=\"twitter:data2\" content=\"3 minutes\" \/>\n<script type=\"application\/ld+json\" class=\"yoast-schema-graph\">{\"@context\":\"https:\/\/schema.org\",\"@graph\":[{\"@type\":\"Article\",\"@id\":\"https:\/\/desegregare.ro\/activitatile-de-sustenabilitate-in-anul-2024\/#article\",\"isPartOf\":{\"@id\":\"https:\/\/desegregare.ro\/activitatile-de-sustenabilitate-in-anul-2024\/\"},\"author\":{\"name\":\"Zona Metropolitana Cluj\",\"@id\":\"https:\/\/desegregare.ro\/#\/schema\/person\/4bf34794d87c612398c04468acfe341e\"},\"headline\":\"Activit\u0103\u021bile de sustenabilitate \u00een anul 2024\",\"datePublished\":\"2025-01-10T10:40:36+00:00\",\"dateModified\":\"2026-01-27T10:47:13+00:00\",\"mainEntityOfPage\":{\"@id\":\"https:\/\/desegregare.ro\/activitatile-de-sustenabilitate-in-anul-2024\/\"},\"wordCount\":601,\"publisher\":{\"@id\":\"https:\/\/desegregare.ro\/#organization\"},\"articleSection\":[\"Nout\u0103\u021bi\"],\"inLanguage\":\"en-GB\"},{\"@type\":\"WebPage\",\"@id\":\"https:\/\/desegregare.ro\/activitatile-de-sustenabilitate-in-anul-2024\/\",\"url\":\"https:\/\/desegregare.ro\/activitatile-de-sustenabilitate-in-anul-2024\/\",\"name\":\"Activit\u0103\u021bile de sustenabilitate \u00een anul 2024 - Proiect Pata 2.0\",\"isPartOf\":{\"@id\":\"https:\/\/desegregare.ro\/#website\"},\"datePublished\":\"2025-01-10T10:40:36+00:00\",\"dateModified\":\"2026-01-27T10:47:13+00:00\",\"breadcrumb\":{\"@id\":\"https:\/\/desegregare.ro\/activitatile-de-sustenabilitate-in-anul-2024\/#breadcrumb\"},\"inLanguage\":\"en-GB\",\"potentialAction\":[{\"@type\":\"ReadAction\",\"target\":[\"https:\/\/desegregare.ro\/activitatile-de-sustenabilitate-in-anul-2024\/\"]}]},{\"@type\":\"BreadcrumbList\",\"@id\":\"https:\/\/desegregare.ro\/activitatile-de-sustenabilitate-in-anul-2024\/#breadcrumb\",\"itemListElement\":[{\"@type\":\"ListItem\",\"position\":1,\"name\":\"Home\",\"item\":\"https:\/\/desegregare.ro\/\"},{\"@type\":\"ListItem\",\"position\":2,\"name\":\"Activit\u0103\u021bile de sustenabilitate \u00een anul 2024\"}]},{\"@type\":\"WebSite\",\"@id\":\"https:\/\/desegregare.ro\/#website\",\"url\":\"https:\/\/desegregare.ro\/\",\"name\":\"ZMC | Proiect Pata 2.0\",\"description\":\"Asocia\u0163ia de Dezvoltare Intercomunitar\u0103 Zona Metropolitan\u0103 Cluj\",\"publisher\":{\"@id\":\"https:\/\/desegregare.ro\/#organization\"},\"potentialAction\":[{\"@type\":\"SearchAction\",\"target\":{\"@type\":\"EntryPoint\",\"urlTemplate\":\"https:\/\/desegregare.ro\/?s={search_term_string}\"},\"query-input\":{\"@type\":\"PropertyValueSpecification\",\"valueRequired\":true,\"valueName\":\"search_term_string\"}}],\"inLanguage\":\"en-GB\"},{\"@type\":\"Organization\",\"@id\":\"https:\/\/desegregare.ro\/#organization\",\"name\":\"Zona Metropolitan\u0103 Cluj\",\"url\":\"https:\/\/desegregare.ro\/\",\"logo\":{\"@type\":\"ImageObject\",\"inLanguage\":\"en-GB\",\"@id\":\"https:\/\/desegregare.ro\/#\/schema\/logo\/image\/\",\"url\":\"https:\/\/desegregare.ro\/wp-content\/uploads\/2020\/06\/header_antent.png\",\"contentUrl\":\"https:\/\/desegregare.ro\/wp-content\/uploads\/2020\/06\/header_antent.png\",\"width\":318,\"height\":125,\"caption\":\"Zona Metropolitan\u0103 Cluj\"},\"image\":{\"@id\":\"https:\/\/desegregare.ro\/#\/schema\/logo\/image\/\"},\"sameAs\":[\"https:\/\/www.facebook.com\/ClujMetro\/\",\"https:\/\/x.com\/clujmetro\"]},{\"@type\":\"Person\",\"@id\":\"https:\/\/desegregare.ro\/#\/schema\/person\/4bf34794d87c612398c04468acfe341e\",\"name\":\"Zona Metropolitana Cluj\",\"image\":{\"@type\":\"ImageObject\",\"inLanguage\":\"en-GB\",\"@id\":\"https:\/\/desegregare.ro\/#\/schema\/person\/image\/\",\"url\":\"https:\/\/secure.gravatar.com\/avatar\/206e15603d9abfbd3ec58d432740b9ca?s=96&d=mm&r=g\",\"contentUrl\":\"https:\/\/secure.gravatar.com\/avatar\/206e15603d9abfbd3ec58d432740b9ca?s=96&d=mm&r=g\",\"caption\":\"Zona Metropolitana Cluj\"},\"url\":\"https:\/\/desegregare.ro\/en\/author\/zona-metropolitana-cluj\/\"}]}<\/script>\n<!-- \/ Yoast SEO plugin. -->","yoast_head_json":{"title":"Activit\u0103\u021bile de sustenabilitate \u00een anul 2024 - Proiect Pata 2.0","robots":{"index":"index","follow":"follow","max-snippet":"max-snippet:-1","max-image-preview":"max-image-preview:large","max-video-preview":"max-video-preview:-1"},"canonical":"https:\/\/desegregare.ro\/en\/activitatile-de-sustenabilitate-in-anul-2024\/","og_locale":"en_GB","og_type":"article","og_title":"Activit\u0103\u021bile de sustenabilitate \u00een anul 2024 - Proiect Pata 2.0","og_description":"Pe parcursul anului 2024, sustenabilitatea proiectului Pata 2.0 a fost sus\u021binut\u0103 financiar de la bugetul local, prin proiectul \u201ePachet de (...)","og_url":"https:\/\/desegregare.ro\/en\/activitatile-de-sustenabilitate-in-anul-2024\/","og_site_name":"Proiect Pata 2.0","article_publisher":"https:\/\/www.facebook.com\/ClujMetro\/","article_published_time":"2025-01-10T10:40:36+00:00","article_modified_time":"2026-01-27T10:47:13+00:00","author":"Zona Metropolitana Cluj","twitter_card":"summary_large_image","twitter_creator":"@clujmetro","twitter_site":"@clujmetro","twitter_misc":{"Written by":"Zona Metropolitana Cluj","Estimated reading time":"3 minutes"},"schema":{"@context":"https:\/\/schema.org","@graph":[{"@type":"Article","@id":"https:\/\/desegregare.ro\/activitatile-de-sustenabilitate-in-anul-2024\/#article","isPartOf":{"@id":"https:\/\/desegregare.ro\/activitatile-de-sustenabilitate-in-anul-2024\/"},"author":{"name":"Zona Metropolitana Cluj","@id":"https:\/\/desegregare.ro\/#\/schema\/person\/4bf34794d87c612398c04468acfe341e"},"headline":"Activit\u0103\u021bile de sustenabilitate \u00een anul 2024","datePublished":"2025-01-10T10:40:36+00:00","dateModified":"2026-01-27T10:47:13+00:00","mainEntityOfPage":{"@id":"https:\/\/desegregare.ro\/activitatile-de-sustenabilitate-in-anul-2024\/"},"wordCount":601,"publisher":{"@id":"https:\/\/desegregare.ro\/#organization"},"articleSection":["Nout\u0103\u021bi"],"inLanguage":"en-GB"},{"@type":"WebPage","@id":"https:\/\/desegregare.ro\/activitatile-de-sustenabilitate-in-anul-2024\/","url":"https:\/\/desegregare.ro\/activitatile-de-sustenabilitate-in-anul-2024\/","name":"Activit\u0103\u021bile de sustenabilitate \u00een anul 2024 - Proiect Pata 2.0","isPartOf":{"@id":"https:\/\/desegregare.ro\/#website"},"datePublished":"2025-01-10T10:40:36+00:00","dateModified":"2026-01-27T10:47:13+00:00","breadcrumb":{"@id":"https:\/\/desegregare.ro\/activitatile-de-sustenabilitate-in-anul-2024\/#breadcrumb"},"inLanguage":"en-GB","potentialAction":[{"@type":"ReadAction","target":["https:\/\/desegregare.ro\/activitatile-de-sustenabilitate-in-anul-2024\/"]}]},{"@type":"BreadcrumbList","@id":"https:\/\/desegregare.ro\/activitatile-de-sustenabilitate-in-anul-2024\/#breadcrumb","itemListElement":[{"@type":"ListItem","position":1,"name":"Home","item":"https:\/\/desegregare.ro\/"},{"@type":"ListItem","position":2,"name":"Activit\u0103\u021bile de sustenabilitate \u00een anul 2024"}]},{"@type":"WebSite","@id":"https:\/\/desegregare.ro\/#website","url":"https:\/\/desegregare.ro\/","name":"ZMC | Proiect Pata 2.0","description":"Asocia\u0163ia de Dezvoltare Intercomunitar\u0103 Zona Metropolitan\u0103 Cluj","publisher":{"@id":"https:\/\/desegregare.ro\/#organization"},"potentialAction":[{"@type":"SearchAction","target":{"@type":"EntryPoint","urlTemplate":"https:\/\/desegregare.ro\/?s={search_term_string}"},"query-input":{"@type":"PropertyValueSpecification","valueRequired":true,"valueName":"search_term_string"}}],"inLanguage":"en-GB"},{"@type":"Organization","@id":"https:\/\/desegregare.ro\/#organization","name":"Zona Metropolitan\u0103 Cluj","url":"https:\/\/desegregare.ro\/","logo":{"@type":"ImageObject","inLanguage":"en-GB","@id":"https:\/\/desegregare.ro\/#\/schema\/logo\/image\/","url":"https:\/\/desegregare.ro\/wp-content\/uploads\/2020\/06\/header_antent.png","contentUrl":"https:\/\/desegregare.ro\/wp-content\/uploads\/2020\/06\/header_antent.png","width":318,"height":125,"caption":"Zona Metropolitan\u0103 Cluj"},"image":{"@id":"https:\/\/desegregare.ro\/#\/schema\/logo\/image\/"},"sameAs":["https:\/\/www.facebook.com\/ClujMetro\/","https:\/\/x.com\/clujmetro"]},{"@type":"Person","@id":"https:\/\/desegregare.ro\/#\/schema\/person\/4bf34794d87c612398c04468acfe341e","name":"Zona Metropolitana Cluj","image":{"@type":"ImageObject","inLanguage":"en-GB","@id":"https:\/\/desegregare.ro\/#\/schema\/person\/image\/","url":"https:\/\/secure.gravatar.com\/avatar\/206e15603d9abfbd3ec58d432740b9ca?s=96&d=mm&r=g","contentUrl":"https:\/\/secure.gravatar.com\/avatar\/206e15603d9abfbd3ec58d432740b9ca?s=96&d=mm&r=g","caption":"Zona Metropolitana Cluj"},"url":"https:\/\/desegregare.ro\/en\/author\/zona-metropolitana-cluj\/"}]}},"_links":{"self":[{"href":"https:\/\/desegregare.ro\/en\/wp-json\/wp\/v2\/posts\/1583"}],"collection":[{"href":"https:\/\/desegregare.ro\/en\/wp-json\/wp\/v2\/posts"}],"about":[{"href":"https:\/\/desegregare.ro\/en\/wp-json\/wp\/v2\/types\/post"}],"author":[{"embeddable":true,"href":"https:\/\/desegregare.ro\/en\/wp-json\/wp\/v2\/users\/2"}],"replies":[{"embeddable":true,"href":"https:\/\/desegregare.ro\/en\/wp-json\/wp\/v2\/comments?post=1583"}],"version-history":[{"count":2,"href":"https:\/\/desegregare.ro\/en\/wp-json\/wp\/v2\/posts\/1583\/revisions"}],"predecessor-version":[{"id":1585,"href":"https:\/\/desegregare.ro\/en\/wp-json\/wp\/v2\/posts\/1583\/revisions\/1585"}],"wp:attachment":[{"href":"https:\/\/desegregare.ro\/en\/wp-json\/wp\/v2\/media?parent=1583"}],"wp:term":[{"taxonomy":"category","embeddable":true,"href":"https:\/\/desegregare.ro\/en\/wp-json\/wp\/v2\/categories?post=1583"},{"taxonomy":"post_tag","embeddable":true,"href":"https:\/\/desegregare.ro\/en\/wp-json\/wp\/v2\/tags?post=1583"}],"curies":[{"name":"wp","href":"https:\/\/api.w.org\/{rel}","templated":true}]}}